{"id":752,"date":"2023-10-15T23:53:43","date_gmt":"2023-10-15T23:53:43","guid":{"rendered":"https:\/\/reinserta.org\/?p=752"},"modified":"2023-10-15T23:54:42","modified_gmt":"2023-10-15T23:54:42","slug":"historia-de-camila-y-daniela","status":"publish","type":"post","link":"https:\/\/reinserta.org\/en\/2023\/10\/15\/historia-de-camila-y-daniela\/","title":{"rendered":"Historia de Camila y Daniela"},"content":{"rendered":"<p>Camilia y Daniela conviven con su mam\u00e1 una vez cada 15 d\u00edas, cuando la visitan junto a su abuela en el Centro de Readaptaci\u00f3n Social donde se encuentra privada de la libertad. Camilia tiene 7 a\u00f1os, su color favorito es el rosa y le encanta jugar a las atrapadas. Daniela tiene 4 a\u00f1os y lo que m\u00e1s disfruta hacer es colorear. Ambas nacieron y crecieron en prisi\u00f3n hasta los tres a\u00f1os y ahora viven con su abuela, van a la escuela y hablan por tel\u00e9fono con su mam\u00e1 todas las tardes.&nbsp;<\/p>\n\n\n\n<p>En M\u00e9xico, el 84.8% de las mujeres privadas de libertad son madres (CNDH, 2022) y m\u00e1s de 285 mil menores de edad son hijas e hijos de personas privadas de la libertad. (INEGI, 2021).&nbsp;<\/p>\n\n\n\n<p>Durante su infancia, Camilia y Daniela han visto contextos de violencia que no deber\u00edan conocer, sin embargo, muchas ni\u00f1as y ni\u00f1os en M\u00e9xico enfrentan esta realidad. Desde hace nueve a\u00f1os Sara, su mam\u00e1, espera la resoluci\u00f3n de su proceso para salir libre, ya que afirma no haber cometido el delito por el que se encuentra privada de su libertad.&nbsp;<\/p>\n\n\n\n<p><em>\u201cUno de mis m\u00e1s grandes deseos es llevar a mi hijas al parque, mojarnos bajo la lluvia y acompa\u00f1arlas a la escuela\u201d,<\/em> comparti\u00f3 Sara,<em> \u201cme preocupa no poder conseguir trabajo, pero tambi\u00e9n estoy ansiosa de ser mam\u00e1 fuera de prisi\u00f3n\u201d.&nbsp;<\/em><\/p>\n\n\n\n<p>Hoy en d\u00eda Camila y Daniela son parte del programa de NNAPES de Reinserta, donde las acompa\u00f1amos en su proceso para que crezcan alejadas de la violencia y creen un v\u00ednculo positivo con su mam\u00e1 y abuela. Tal vez no podemos cambiar su pasado, pero s\u00ed su futuro.<\/p>\n\n\n\n<p>\u00a0<\/p>\n\n\n\n<figure class=\"wp-block-image size-large\"><img loading=\"lazy\" decoding=\"async\" width=\"768\" height=\"1024\" src=\"http:\/\/reinserta.org\/wp-content\/uploads\/2023\/10\/IMG_7715-768x1024.jpg\" alt=\"\" class=\"wp-image-753\"\/><\/figure>","protected":false},"excerpt":{"rendered":"<p>Camilia y Daniela conviven con su mam\u00e1 una vez cada 15 d\u00edas, cuando la visitan junto a su abuela en el Centro de Readaptaci\u00f3n Social donde se encuentra privada de la libertad. Camilia tiene 7 a\u00f1os, su color favorito es el rosa y le encanta jugar a las atrapadas. Daniela tiene 4 a\u00f1os y lo [&hellip;]<\/p>\n","protected":false},"author":2,"featured_media":753,"comment_status":"closed","ping_status":"closed","sticky":false,"template":"","format":"standard","meta":{"_et_pb_use_builder":"off","_et_pb_old_content":"","_et_gb_content_width":"","_joinchat":[],"footnotes":""},"categories":[11],"tags":[],"post_folder":[],"class_list":["post-752","post","type-post","status-publish","format-standard","has-post-thumbnail","hentry","category-historias"],"yoast_head":"<!-- This site is optimized with the Yoast SEO plugin v23.4 - https:\/\/yoast.com\/wordpress\/plugins\/seo\/ -->\n<title>Historia de Camila y Daniela - Reinserta<\/title>\n<meta name=\"robots\" content=\"index, follow, max-snippet:-1, max-image-preview:large, max-video-preview:-1\" \/>\n<link rel=\"canonical\" href=\"https:\/\/reinserta.org\/en\/2023\/10\/15\/historia-de-camila-y-daniela\/\" \/>\n<meta property=\"og:locale\" content=\"en_US\" \/>\n<meta property=\"og:type\" content=\"article\" \/>\n<meta property=\"og:title\" content=\"Historia de Camila y Daniela - Reinserta\" \/>\n<meta property=\"og:description\" content=\"Camilia y Daniela conviven con su mam\u00e1 una vez cada 15 d\u00edas, cuando la visitan junto a su abuela en el Centro de Readaptaci\u00f3n Social donde se encuentra privada de la libertad. Camilia tiene 7 a\u00f1os, su color favorito es el rosa y le encanta jugar a las atrapadas. Daniela tiene 4 a\u00f1os y lo [&hellip;]\" \/>\n<meta property=\"og:url\" content=\"https:\/\/reinserta.org\/en\/2023\/10\/15\/historia-de-camila-y-daniela\/\" \/>\n<meta property=\"og:site_name\" content=\"Reinserta\" \/>\n<meta property=\"article:publisher\" content=\"https:\/\/www.facebook.com\/REINSERTA\/\" \/>\n<meta property=\"article:published_time\" content=\"2023-10-15T23:53:43+00:00\" \/>\n<meta property=\"article:modified_time\" content=\"2023-10-15T23:54:42+00:00\" \/>\n<meta property=\"og:image\" content=\"http:\/\/reinserta.org\/wp-content\/uploads\/2023\/10\/IMG_7715.jpg\" \/>\n\t<meta property=\"og:image:width\" content=\"1512\" \/>\n\t<meta property=\"og:image:height\" content=\"2016\" \/>\n\t<meta property=\"og:image:type\" content=\"image\/jpeg\" \/>\n<meta name=\"author\" content=\"Hugo_Admin\" \/>\n<meta name=\"twitter:card\" content=\"summary_large_image\" \/>\n<meta name=\"twitter:creator\" content=\"@reinserta\" \/>\n<meta name=\"twitter:site\" content=\"@reinserta\" \/>\n<meta name=\"twitter:label1\" content=\"Written by\" \/>\n\t<meta name=\"twitter:data1\" content=\"Hugo_Admin\" \/>\n\t<meta name=\"twitter:label2\" content=\"Est. reading time\" \/>\n\t<meta name=\"twitter:data2\" content=\"1 minute\" \/>\n<script type=\"application\/ld+json\" class=\"yoast-schema-graph\">{\"@context\":\"https:\/\/schema.org\",\"@graph\":[{\"@type\":\"Article\",\"@id\":\"https:\/\/reinserta.org\/2023\/10\/15\/historia-de-camila-y-daniela\/#article\",\"isPartOf\":{\"@id\":\"https:\/\/reinserta.org\/2023\/10\/15\/historia-de-camila-y-daniela\/\"},\"author\":{\"name\":\"Hugo_Admin\",\"@id\":\"https:\/\/reinserta.org\/#\/schema\/person\/6f700fedcd4d5508a4c9ccb237122003\"},\"headline\":\"Historia de Camila y Daniela\",\"datePublished\":\"2023-10-15T23:53:43+00:00\",\"dateModified\":\"2023-10-15T23:54:42+00:00\",\"mainEntityOfPage\":{\"@id\":\"https:\/\/reinserta.org\/2023\/10\/15\/historia-de-camila-y-daniela\/\"},\"wordCount\":297,\"publisher\":{\"@id\":\"https:\/\/reinserta.org\/#organization\"},\"image\":{\"@id\":\"https:\/\/reinserta.org\/2023\/10\/15\/historia-de-camila-y-daniela\/#primaryimage\"},\"thumbnailUrl\":\"https:\/\/reinserta.org\/wp-content\/uploads\/2023\/10\/IMG_7715.jpg\",\"articleSection\":[\"Historias\"],\"inLanguage\":\"en-US\"},{\"@type\":\"WebPage\",\"@id\":\"https:\/\/reinserta.org\/2023\/10\/15\/historia-de-camila-y-daniela\/\",\"url\":\"https:\/\/reinserta.org\/2023\/10\/15\/historia-de-camila-y-daniela\/\",\"name\":\"Historia de Camila y Daniela - Reinserta\",\"isPartOf\":{\"@id\":\"https:\/\/reinserta.org\/#website\"},\"primaryImageOfPage\":{\"@id\":\"https:\/\/reinserta.org\/2023\/10\/15\/historia-de-camila-y-daniela\/#primaryimage\"},\"image\":{\"@id\":\"https:\/\/reinserta.org\/2023\/10\/15\/historia-de-camila-y-daniela\/#primaryimage\"},\"thumbnailUrl\":\"https:\/\/reinserta.org\/wp-content\/uploads\/2023\/10\/IMG_7715.jpg\",\"datePublished\":\"2023-10-15T23:53:43+00:00\",\"dateModified\":\"2023-10-15T23:54:42+00:00\",\"breadcrumb\":{\"@id\":\"https:\/\/reinserta.org\/2023\/10\/15\/historia-de-camila-y-daniela\/#breadcrumb\"},\"inLanguage\":\"en-US\",\"potentialAction\":[{\"@type\":\"ReadAction\",\"target\":[\"https:\/\/reinserta.org\/2023\/10\/15\/historia-de-camila-y-daniela\/\"]}]},{\"@type\":\"ImageObject\",\"inLanguage\":\"en-US\",\"@id\":\"https:\/\/reinserta.org\/2023\/10\/15\/historia-de-camila-y-daniela\/#primaryimage\",\"url\":\"https:\/\/reinserta.org\/wp-content\/uploads\/2023\/10\/IMG_7715.jpg\",\"contentUrl\":\"https:\/\/reinserta.org\/wp-content\/uploads\/2023\/10\/IMG_7715.jpg\",\"width\":1512,\"height\":2016},{\"@type\":\"BreadcrumbList\",\"@id\":\"https:\/\/reinserta.org\/2023\/10\/15\/historia-de-camila-y-daniela\/#breadcrumb\",\"itemListElement\":[{\"@type\":\"ListItem\",\"position\":1,\"name\":\"Inicio\",\"item\":\"https:\/\/reinserta.org\/\"},{\"@type\":\"ListItem\",\"position\":2,\"name\":\"Historia de Camila y Daniela\"}]},{\"@type\":\"WebSite\",\"@id\":\"https:\/\/reinserta.org\/#website\",\"url\":\"https:\/\/reinserta.org\/\",\"name\":\"Reinserta\",\"description\":\"Transformamos vidas marcadas por la violencia\",\"publisher\":{\"@id\":\"https:\/\/reinserta.org\/#organization\"},\"potentialAction\":[{\"@type\":\"SearchAction\",\"target\":{\"@type\":\"EntryPoint\",\"urlTemplate\":\"https:\/\/reinserta.org\/?s={search_term_string}\"},\"query-input\":{\"@type\":\"PropertyValueSpecification\",\"valueRequired\":true,\"valueName\":\"search_term_string\"}}],\"inLanguage\":\"en-US\"},{\"@type\":\"Organization\",\"@id\":\"https:\/\/reinserta.org\/#organization\",\"name\":\"Reinserta\",\"url\":\"https:\/\/reinserta.org\/\",\"logo\":{\"@type\":\"ImageObject\",\"inLanguage\":\"en-US\",\"@id\":\"https:\/\/reinserta.org\/#\/schema\/logo\/image\/\",\"url\":\"https:\/\/reinserta.org\/wp-content\/uploads\/2024\/05\/reinserta-logo-negro.png\",\"contentUrl\":\"https:\/\/reinserta.org\/wp-content\/uploads\/2024\/05\/reinserta-logo-negro.png\",\"width\":500,\"height\":500,\"caption\":\"Reinserta\"},\"image\":{\"@id\":\"https:\/\/reinserta.org\/#\/schema\/logo\/image\/\"},\"sameAs\":[\"https:\/\/www.facebook.com\/REINSERTA\/\",\"https:\/\/x.com\/reinserta\",\"https:\/\/www.instagram.com\/reinserta\/\",\"https:\/\/mx.linkedin.com\/company\/reinserta\"]},{\"@type\":\"Person\",\"@id\":\"https:\/\/reinserta.org\/#\/schema\/person\/6f700fedcd4d5508a4c9ccb237122003\",\"name\":\"Hugo_Admin\",\"image\":{\"@type\":\"ImageObject\",\"inLanguage\":\"en-US\",\"@id\":\"https:\/\/reinserta.org\/#\/schema\/person\/image\/\",\"url\":\"https:\/\/secure.gravatar.com\/avatar\/35fd1e342e3d89eb997c39c81ea250d9?s=96&d=mm&r=g\",\"contentUrl\":\"https:\/\/secure.gravatar.com\/avatar\/35fd1e342e3d89eb997c39c81ea250d9?s=96&d=mm&r=g\",\"caption\":\"Hugo_Admin\"},\"url\":\"https:\/\/reinserta.org\/en\/author\/hugo_admin\/\"}]}<\/script>\n<!-- \/ Yoast SEO plugin. -->","yoast_head_json":{"title":"Historia de Camila y Daniela - Reinserta","robots":{"index":"index","follow":"follow","max-snippet":"max-snippet:-1","max-image-preview":"max-image-preview:large","max-video-preview":"max-video-preview:-1"},"canonical":"https:\/\/reinserta.org\/en\/2023\/10\/15\/historia-de-camila-y-daniela\/","og_locale":"en_US","og_type":"article","og_title":"Historia de Camila y Daniela - Reinserta","og_description":"Camilia y Daniela conviven con su mam\u00e1 una vez cada 15 d\u00edas, cuando la visitan junto a su abuela en el Centro de Readaptaci\u00f3n Social donde se encuentra privada de la libertad. Camilia tiene 7 a\u00f1os, su color favorito es el rosa y le encanta jugar a las atrapadas. Daniela tiene 4 a\u00f1os y lo [&hellip;]","og_url":"https:\/\/reinserta.org\/en\/2023\/10\/15\/historia-de-camila-y-daniela\/","og_site_name":"Reinserta","article_publisher":"https:\/\/www.facebook.com\/REINSERTA\/","article_published_time":"2023-10-15T23:53:43+00:00","article_modified_time":"2023-10-15T23:54:42+00:00","og_image":[{"width":1512,"height":2016,"url":"http:\/\/reinserta.org\/wp-content\/uploads\/2023\/10\/IMG_7715.jpg","type":"image\/jpeg"}],"author":"Hugo_Admin","twitter_card":"summary_large_image","twitter_creator":"@reinserta","twitter_site":"@reinserta","twitter_misc":{"Written by":"Hugo_Admin","Est. reading time":"1 minute"},"schema":{"@context":"https:\/\/schema.org","@graph":[{"@type":"Article","@id":"https:\/\/reinserta.org\/2023\/10\/15\/historia-de-camila-y-daniela\/#article","isPartOf":{"@id":"https:\/\/reinserta.org\/2023\/10\/15\/historia-de-camila-y-daniela\/"},"author":{"name":"Hugo_Admin","@id":"https:\/\/reinserta.org\/#\/schema\/person\/6f700fedcd4d5508a4c9ccb237122003"},"headline":"Historia de Camila y Daniela","datePublished":"2023-10-15T23:53:43+00:00","dateModified":"2023-10-15T23:54:42+00:00","mainEntityOfPage":{"@id":"https:\/\/reinserta.org\/2023\/10\/15\/historia-de-camila-y-daniela\/"},"wordCount":297,"publisher":{"@id":"https:\/\/reinserta.org\/#organization"},"image":{"@id":"https:\/\/reinserta.org\/2023\/10\/15\/historia-de-camila-y-daniela\/#primaryimage"},"thumbnailUrl":"https:\/\/reinserta.org\/wp-content\/uploads\/2023\/10\/IMG_7715.jpg","articleSection":["Historias"],"inLanguage":"en-US"},{"@type":"WebPage","@id":"https:\/\/reinserta.org\/2023\/10\/15\/historia-de-camila-y-daniela\/","url":"https:\/\/reinserta.org\/2023\/10\/15\/historia-de-camila-y-daniela\/","name":"Historia de Camila y Daniela - Reinserta","isPartOf":{"@id":"https:\/\/reinserta.org\/#website"},"primaryImageOfPage":{"@id":"https:\/\/reinserta.org\/2023\/10\/15\/historia-de-camila-y-daniela\/#primaryimage"},"image":{"@id":"https:\/\/reinserta.org\/2023\/10\/15\/historia-de-camila-y-daniela\/#primaryimage"},"thumbnailUrl":"https:\/\/reinserta.org\/wp-content\/uploads\/2023\/10\/IMG_7715.jpg","datePublished":"2023-10-15T23:53:43+00:00","dateModified":"2023-10-15T23:54:42+00:00","breadcrumb":{"@id":"https:\/\/reinserta.org\/2023\/10\/15\/historia-de-camila-y-daniela\/#breadcrumb"},"inLanguage":"en-US","potentialAction":[{"@type":"ReadAction","target":["https:\/\/reinserta.org\/2023\/10\/15\/historia-de-camila-y-daniela\/"]}]},{"@type":"ImageObject","inLanguage":"en-US","@id":"https:\/\/reinserta.org\/2023\/10\/15\/historia-de-camila-y-daniela\/#primaryimage","url":"https:\/\/reinserta.org\/wp-content\/uploads\/2023\/10\/IMG_7715.jpg","contentUrl":"https:\/\/reinserta.org\/wp-content\/uploads\/2023\/10\/IMG_7715.jpg","width":1512,"height":2016},{"@type":"BreadcrumbList","@id":"https:\/\/reinserta.org\/2023\/10\/15\/historia-de-camila-y-daniela\/#breadcrumb","itemListElement":[{"@type":"ListItem","position":1,"name":"Inicio","item":"https:\/\/reinserta.org\/"},{"@type":"ListItem","position":2,"name":"Historia de Camila y Daniela"}]},{"@type":"WebSite","@id":"https:\/\/reinserta.org\/#website","url":"https:\/\/reinserta.org\/","name":"Reinserta","description":"Transformamos vidas marcadas por la violencia","publisher":{"@id":"https:\/\/reinserta.org\/#organization"},"potentialAction":[{"@type":"SearchAction","target":{"@type":"EntryPoint","urlTemplate":"https:\/\/reinserta.org\/?s={search_term_string}"},"query-input":{"@type":"PropertyValueSpecification","valueRequired":true,"valueName":"search_term_string"}}],"inLanguage":"en-US"},{"@type":"Organization","@id":"https:\/\/reinserta.org\/#organization","name":"Reinserta","url":"https:\/\/reinserta.org\/","logo":{"@type":"ImageObject","inLanguage":"en-US","@id":"https:\/\/reinserta.org\/#\/schema\/logo\/image\/","url":"https:\/\/reinserta.org\/wp-content\/uploads\/2024\/05\/reinserta-logo-negro.png","contentUrl":"https:\/\/reinserta.org\/wp-content\/uploads\/2024\/05\/reinserta-logo-negro.png","width":500,"height":500,"caption":"Reinserta"},"image":{"@id":"https:\/\/reinserta.org\/#\/schema\/logo\/image\/"},"sameAs":["https:\/\/www.facebook.com\/REINSERTA\/","https:\/\/x.com\/reinserta","https:\/\/www.instagram.com\/reinserta\/","https:\/\/mx.linkedin.com\/company\/reinserta"]},{"@type":"Person","@id":"https:\/\/reinserta.org\/#\/schema\/person\/6f700fedcd4d5508a4c9ccb237122003","name":"Hugo_Admin","image":{"@type":"ImageObject","inLanguage":"en-US","@id":"https:\/\/reinserta.org\/#\/schema\/person\/image\/","url":"https:\/\/secure.gravatar.com\/avatar\/35fd1e342e3d89eb997c39c81ea250d9?s=96&d=mm&r=g","contentUrl":"https:\/\/secure.gravatar.com\/avatar\/35fd1e342e3d89eb997c39c81ea250d9?s=96&d=mm&r=g","caption":"Hugo_Admin"},"url":"https:\/\/reinserta.org\/en\/author\/hugo_admin\/"}]}},"_links":{"self":[{"href":"https:\/\/reinserta.org\/en\/wp-json\/wp\/v2\/posts\/752"}],"collection":[{"href":"https:\/\/reinserta.org\/en\/wp-json\/wp\/v2\/posts"}],"about":[{"href":"https:\/\/reinserta.org\/en\/wp-json\/wp\/v2\/types\/post"}],"author":[{"embeddable":true,"href":"https:\/\/reinserta.org\/en\/wp-json\/wp\/v2\/users\/2"}],"replies":[{"embeddable":true,"href":"https:\/\/reinserta.org\/en\/wp-json\/wp\/v2\/comments?post=752"}],"version-history":[{"count":2,"href":"https:\/\/reinserta.org\/en\/wp-json\/wp\/v2\/posts\/752\/revisions"}],"predecessor-version":[{"id":755,"href":"https:\/\/reinserta.org\/en\/wp-json\/wp\/v2\/posts\/752\/revisions\/755"}],"wp:featuredmedia":[{"embeddable":true,"href":"https:\/\/reinserta.org\/en\/wp-json\/wp\/v2\/media\/753"}],"wp:attachment":[{"href":"https:\/\/reinserta.org\/en\/wp-json\/wp\/v2\/media?parent=752"}],"wp:term":[{"taxonomy":"category","embeddable":true,"href":"https:\/\/reinserta.org\/en\/wp-json\/wp\/v2\/categories?post=752"},{"taxonomy":"post_tag","embeddable":true,"href":"https:\/\/reinserta.org\/en\/wp-json\/wp\/v2\/tags?post=752"},{"taxonomy":"post_folder","embeddable":true,"href":"https:\/\/reinserta.org\/en\/wp-json\/wp\/v2\/post_folder?post=752"}],"curies":[{"name":"wp","href":"https:\/\/api.w.org\/{rel}","templated":true}]}}